{"id":5924,"date":"2026-04-29T15:23:25","date_gmt":"2026-04-29T13:23:25","guid":{"rendered":"https:\/\/cptsduvoironnais.com\/?p=5924"},"modified":"2026-04-29T15:25:04","modified_gmt":"2026-04-29T13:25:04","slug":"reouverture-du-service-de-radiologie-ch-st-laurent-du-pont","status":"publish","type":"post","link":"https:\/\/cptsduvoironnais.com\/index.php\/2026\/04\/29\/reouverture-du-service-de-radiologie-ch-st-laurent-du-pont\/","title":{"rendered":"R\u00e9ouverture du service de radiologie &#8211; CH St Laurent du Pont"},"content":{"rendered":"\t\t<div data-elementor-type=\"wp-post\" data-elementor-id=\"5924\" class=\"elementor elementor-5924\">\n\t\t\t\t\t\t<section class=\"elementor-section elementor-top-section elementor-element elementor-element-650c147 elementor-section-boxed elementor-section-height-default elementor-section-height-default\" data-id=\"650c147\" data-element_type=\"section\" data-e-type=\"section\">\n\t\t\t\t\t\t<div class=\"elementor-container elementor-column-gap-default\">\n\t\t\t\t\t<div class=\"elementor-column elementor-col-100 elementor-top-column elementor-element elementor-element-c583f81\" data-id=\"c583f81\" data-element_type=\"column\" data-e-type=\"column\">\n\t\t\t<div class=\"elementor-widget-wrap elementor-element-populated\">\n\t\t\t\t\t\t<div class=\"elementor-element elementor-element-36eb04a elementor-widget__width-initial elementor-widget elementor-widget-image\" data-id=\"36eb04a\" data-element_type=\"widget\" data-e-type=\"widget\" data-widget_type=\"image.default\">\n\t\t\t\t<div class=\"elementor-widget-container\">\n\t\t\t\t\t\t\t\t\t\t\t\t\t\t\t\t<a href=\"http:\/\/cptsduvoironnais.com\/wp-content\/uploads\/2026\/04\/radiologie.jpg\" data-elementor-open-lightbox=\"yes\" data-elementor-lightbox-title=\"radiologie\" data-e-action-hash=\"#elementor-action%3Aaction%3Dlightbox%26settings%3DeyJpZCI6NTkyNiwidXJsIjoiaHR0cHM6XC9cL2NwdHNkdXZvaXJvbm5haXMuY29tXC93cC1jb250ZW50XC91cGxvYWRzXC8yMDI2XC8wNFwvcmFkaW9sb2dpZS5qcGcifQ%3D%3D\">\n\t\t\t\t\t\t\t<img fetchpriority=\"high\" decoding=\"async\" width=\"1024\" height=\"955\" src=\"https:\/\/cptsduvoironnais.com\/wp-content\/uploads\/2026\/04\/radiologie.jpg\" class=\"attachment-large size-large wp-image-5926\" alt=\"\" srcset=\"https:\/\/cptsduvoironnais.com\/wp-content\/uploads\/2026\/04\/radiologie.jpg 1024w, https:\/\/cptsduvoironnais.com\/wp-content\/uploads\/2026\/04\/radiologie-300x280.jpg 300w, https:\/\/cptsduvoironnais.com\/wp-content\/uploads\/2026\/04\/radiologie-768x716.jpg 768w\" sizes=\"(max-width: 1024px) 100vw, 1024px\" \/>\t\t\t\t\t\t\t\t<\/a>\n\t\t\t\t\t\t\t\t\t\t\t\t\t\t\t<\/div>\n\t\t\t\t<\/div>\n\t\t\t\t\t<\/div>\n\t\t<\/div>\n\t\t\t\t\t<\/div>\n\t\t<\/section>\n\t\t\t\t<section class=\"elementor-section elementor-top-section elementor-element elementor-element-27d4232 elementor-section-boxed elementor-section-height-default elementor-section-height-default\" data-id=\"27d4232\" data-element_type=\"section\" data-e-type=\"section\">\n\t\t\t\t\t\t<div class=\"elementor-container elementor-column-gap-default\">\n\t\t\t\t\t<div class=\"elementor-column elementor-col-100 elementor-top-column elementor-element elementor-element-b5e9193\" data-id=\"b5e9193\" data-element_type=\"column\" data-e-type=\"column\">\n\t\t\t<div class=\"elementor-widget-wrap elementor-element-populated\">\n\t\t\t\t\t\t<div class=\"elementor-element elementor-element-74814aa elementor-widget elementor-widget-text-editor\" data-id=\"74814aa\" data-element_type=\"widget\" data-e-type=\"widget\" data-widget_type=\"text-editor.default\">\n\t\t\t\t<div class=\"elementor-widget-container\">\n\t\t\t\t\t\t\t\t\t<p>Le service de radiologie du centre hospitalier de Saint-Laurent-du-Pont rouvre <strong>\u00e0 compter du 4 mai 2026.<\/strong><\/p><p><img decoding=\"async\" class=\"emoji\" role=\"img\" draggable=\"false\" src=\"https:\/\/s.w.org\/images\/core\/emoji\/17.0.2\/svg\/1f4c5.svg\" alt=\"\ud83d\udcc5\" \/> <strong><em>Prendre rendez-vous et consulter ses r\u00e9sultats<\/em><\/strong><br \/>La prise de rendez-vous se fait par t\u00e9l\u00e9phone au <strong>04\u202f76\u202f06\u202f26\u202f22<\/strong> ou <strong>par mail :<\/strong>\u00a0<a href=\"mailto:rdv.radiologie@ch-stlaurent.com\" target=\"_blank\" rel=\"noreferrer noopener\">rdv.radiologie@ch-stlaurent.com<\/a><\/p><p>Les r\u00e9sultats d\u2019examens sont consultables en ligne, sur votre <a href=\"https:\/\/www.ch-stlaurent.com\/radiologie\/\">espace personnel<\/a> et les comptes-rendus sur \u00ab\u00a0<a href=\"https:\/\/www.monespacesante.fr\/\">Mon espace sant\u00e9<\/a>\u00a0\u00bb.<\/p><p>L\u2019ensemble de ces informations est \u00e9galement disponible sur le site internet de l\u2019h\u00f4pital : <a href=\"https:\/\/www.ch-stlaurent.com\/radiologie\/\">Radiologie \u2013 Centre Hospitalier de SAINT-LAURENT-DU-PONT<\/a>.<\/p><p>\u00a0<\/p>\t\t\t\t\t\t\t\t<\/div>\n\t\t\t\t<\/div>\n\t\t\t\t\t<\/div>\n\t\t<\/div>\n\t\t\t\t\t<\/div>\n\t\t<\/section>\n\t\t\t\t<\/div>\n\t\t","protected":false},"excerpt":{"rendered":"<p>Le service de radiologie du centre hospitalier de Saint-Laurent-du-Pont rouvre \u00e0 compter du 4 mai 2026. Prendre rendez-vous et consulter ses r\u00e9sultatsLa prise de rendez-vous se fait par t\u00e9l\u00e9phone au [&hellip;]<\/p>\n","protected":false},"author":2,"featured_media":0,"comment_status":"closed","ping_status":"open","sticky":false,"template":"","format":"standard","meta":{"ocean_post_layout":"","ocean_both_sidebars_style":"","ocean_both_sidebars_content_width":0,"ocean_both_sidebars_sidebars_width":0,"ocean_sidebar":"","ocean_second_sidebar":"","ocean_disable_margins":"enable","ocean_add_body_class":"","ocean_shortcode_before_top_bar":"","ocean_shortcode_after_top_bar":"","ocean_shortcode_before_header":"","ocean_shortcode_after_header":"","ocean_has_shortcode":"","ocean_shortcode_after_title":"","ocean_shortcode_before_footer_widgets":"","ocean_shortcode_after_footer_widgets":"","ocean_shortcode_before_footer_bottom":"","ocean_shortcode_after_footer_bottom":"","ocean_display_top_bar":"default","ocean_display_header":"default","ocean_header_style":"","ocean_center_header_left_menu":"","ocean_custom_header_template":"","ocean_custom_logo":0,"ocean_custom_retina_logo":0,"ocean_custom_logo_max_width":0,"ocean_custom_logo_tablet_max_width":0,"ocean_custom_logo_mobile_max_width":0,"ocean_custom_logo_max_height":0,"ocean_custom_logo_tablet_max_height":0,"ocean_custom_logo_mobile_max_height":0,"ocean_header_custom_menu":"","ocean_menu_typo_font_family":"","ocean_menu_typo_font_subset":"","ocean_menu_typo_font_size":0,"ocean_menu_typo_font_size_tablet":0,"ocean_menu_typo_font_size_mobile":0,"ocean_menu_typo_font_size_unit":"px","ocean_menu_typo_font_weight":"","ocean_menu_typo_font_weight_tablet":"","ocean_menu_typo_font_weight_mobile":"","ocean_menu_typo_transform":"","ocean_menu_typo_transform_tablet":"","ocean_menu_typo_transform_mobile":"","ocean_menu_typo_line_height":0,"ocean_menu_typo_line_height_tablet":0,"ocean_menu_typo_line_height_mobile":0,"ocean_menu_typo_line_height_unit":"","ocean_menu_typo_spacing":0,"ocean_menu_typo_spacing_tablet":0,"ocean_menu_typo_spacing_mobile":0,"ocean_menu_typo_spacing_unit":"","ocean_menu_link_color":"","ocean_menu_link_color_hover":"","ocean_menu_link_color_active":"","ocean_menu_link_background":"","ocean_menu_link_hover_background":"","ocean_menu_link_active_background":"","ocean_menu_social_links_bg":"","ocean_menu_social_hover_links_bg":"","ocean_menu_social_links_color":"","ocean_menu_social_hover_links_color":"","ocean_disable_title":"default","ocean_disable_heading":"default","ocean_post_title":"","ocean_post_subheading":"","ocean_post_title_style":"","ocean_post_title_background_color":"","ocean_post_title_background":0,"ocean_post_title_bg_image_position":"","ocean_post_title_bg_image_attachment":"","ocean_post_title_bg_image_repeat":"","ocean_post_title_bg_image_size":"","ocean_post_title_height":0,"ocean_post_title_bg_overlay":0.5,"ocean_post_title_bg_overlay_color":"","ocean_disable_breadcrumbs":"default","ocean_breadcrumbs_color":"","ocean_breadcrumbs_separator_color":"","ocean_breadcrumbs_links_color":"","ocean_breadcrumbs_links_hover_color":"","ocean_display_footer_widgets":"default","ocean_display_footer_bottom":"default","ocean_custom_footer_template":"","ocean_post_oembed":"","ocean_post_self_hosted_media":"","ocean_post_video_embed":"","ocean_link_format":"","ocean_link_format_target":"self","ocean_quote_format":"","ocean_quote_format_link":"post","ocean_gallery_link_images":"on","ocean_gallery_id":[],"footnotes":""},"categories":[22],"tags":[],"class_list":["post-5924","post","type-post","status-publish","format-standard","hentry","category-informations-partenaires","entry"],"yoast_head":"<!-- This site is optimized with the Yoast SEO plugin v27.5 - https:\/\/yoast.com\/product\/yoast-seo-wordpress\/ -->\n<title>R\u00e9ouverture du service de radiologie - CH St Laurent du Pont - CPTS du Voironnais<\/title>\n<meta name=\"robots\" content=\"index, follow, max-snippet:-1, max-image-preview:large, max-video-preview:-1\" \/>\n<link rel=\"canonical\" href=\"https:\/\/cptsduvoironnais.com\/index.php\/2026\/04\/29\/reouverture-du-service-de-radiologie-ch-st-laurent-du-pont\/\" \/>\n<meta property=\"og:locale\" content=\"fr_FR\" \/>\n<meta property=\"og:type\" content=\"article\" \/>\n<meta property=\"og:title\" content=\"R\u00e9ouverture du service de radiologie - CH St Laurent du Pont - CPTS du Voironnais\" \/>\n<meta property=\"og:description\" content=\"Le service de radiologie du centre hospitalier de Saint-Laurent-du-Pont rouvre \u00e0 compter du 4 mai 2026. Prendre rendez-vous et consulter ses r\u00e9sultatsLa prise de rendez-vous se fait par t\u00e9l\u00e9phone au [&hellip;]\" \/>\n<meta property=\"og:url\" content=\"https:\/\/cptsduvoironnais.com\/index.php\/2026\/04\/29\/reouverture-du-service-de-radiologie-ch-st-laurent-du-pont\/\" \/>\n<meta property=\"og:site_name\" content=\"CPTS du Voironnais\" \/>\n<meta property=\"article:published_time\" content=\"2026-04-29T13:23:25+00:00\" \/>\n<meta property=\"article:modified_time\" content=\"2026-04-29T13:25:04+00:00\" \/>\n<meta property=\"og:image\" content=\"http:\/\/cptsduvoironnais.com\/wp-content\/uploads\/2026\/04\/radiologie.jpg\" \/>\n<meta name=\"author\" content=\"CPTS du Voironnais\" \/>\n<meta name=\"twitter:card\" content=\"summary_large_image\" \/>\n<meta name=\"twitter:label1\" content=\"\u00c9crit par\" \/>\n\t<meta name=\"twitter:data1\" content=\"CPTS du Voironnais\" \/>\n\t<meta name=\"twitter:label2\" content=\"Dur\u00e9e de lecture estim\u00e9e\" \/>\n\t<meta name=\"twitter:data2\" content=\"1 minute\" \/>\n<script type=\"application\/ld+json\" class=\"yoast-schema-graph\">{\"@context\":\"https:\\\/\\\/schema.org\",\"@graph\":[{\"@type\":\"Article\",\"@id\":\"https:\\\/\\\/cptsduvoironnais.com\\\/index.php\\\/2026\\\/04\\\/29\\\/reouverture-du-service-de-radiologie-ch-st-laurent-du-pont\\\/#article\",\"isPartOf\":{\"@id\":\"https:\\\/\\\/cptsduvoironnais.com\\\/index.php\\\/2026\\\/04\\\/29\\\/reouverture-du-service-de-radiologie-ch-st-laurent-du-pont\\\/\"},\"author\":{\"name\":\"CPTS du Voironnais\",\"@id\":\"https:\\\/\\\/cptsduvoironnais.com\\\/#\\\/schema\\\/person\\\/fb894bb844a352013a0702485c301a94\"},\"headline\":\"R\u00e9ouverture du service de radiologie &#8211; CH St Laurent du Pont\",\"datePublished\":\"2026-04-29T13:23:25+00:00\",\"dateModified\":\"2026-04-29T13:25:04+00:00\",\"mainEntityOfPage\":{\"@id\":\"https:\\\/\\\/cptsduvoironnais.com\\\/index.php\\\/2026\\\/04\\\/29\\\/reouverture-du-service-de-radiologie-ch-st-laurent-du-pont\\\/\"},\"wordCount\":91,\"publisher\":{\"@id\":\"https:\\\/\\\/cptsduvoironnais.com\\\/#organization\"},\"image\":{\"@id\":\"https:\\\/\\\/cptsduvoironnais.com\\\/index.php\\\/2026\\\/04\\\/29\\\/reouverture-du-service-de-radiologie-ch-st-laurent-du-pont\\\/#primaryimage\"},\"thumbnailUrl\":\"http:\\\/\\\/cptsduvoironnais.com\\\/wp-content\\\/uploads\\\/2026\\\/04\\\/radiologie.jpg\",\"articleSection\":[\"Informations partenaires\"],\"inLanguage\":\"fr-FR\"},{\"@type\":\"WebPage\",\"@id\":\"https:\\\/\\\/cptsduvoironnais.com\\\/index.php\\\/2026\\\/04\\\/29\\\/reouverture-du-service-de-radiologie-ch-st-laurent-du-pont\\\/\",\"url\":\"https:\\\/\\\/cptsduvoironnais.com\\\/index.php\\\/2026\\\/04\\\/29\\\/reouverture-du-service-de-radiologie-ch-st-laurent-du-pont\\\/\",\"name\":\"R\u00e9ouverture du service de radiologie - CH St Laurent du Pont - CPTS du Voironnais\",\"isPartOf\":{\"@id\":\"https:\\\/\\\/cptsduvoironnais.com\\\/#website\"},\"primaryImageOfPage\":{\"@id\":\"https:\\\/\\\/cptsduvoironnais.com\\\/index.php\\\/2026\\\/04\\\/29\\\/reouverture-du-service-de-radiologie-ch-st-laurent-du-pont\\\/#primaryimage\"},\"image\":{\"@id\":\"https:\\\/\\\/cptsduvoironnais.com\\\/index.php\\\/2026\\\/04\\\/29\\\/reouverture-du-service-de-radiologie-ch-st-laurent-du-pont\\\/#primaryimage\"},\"thumbnailUrl\":\"http:\\\/\\\/cptsduvoironnais.com\\\/wp-content\\\/uploads\\\/2026\\\/04\\\/radiologie.jpg\",\"datePublished\":\"2026-04-29T13:23:25+00:00\",\"dateModified\":\"2026-04-29T13:25:04+00:00\",\"breadcrumb\":{\"@id\":\"https:\\\/\\\/cptsduvoironnais.com\\\/index.php\\\/2026\\\/04\\\/29\\\/reouverture-du-service-de-radiologie-ch-st-laurent-du-pont\\\/#breadcrumb\"},\"inLanguage\":\"fr-FR\",\"potentialAction\":[{\"@type\":\"ReadAction\",\"target\":[\"https:\\\/\\\/cptsduvoironnais.com\\\/index.php\\\/2026\\\/04\\\/29\\\/reouverture-du-service-de-radiologie-ch-st-laurent-du-pont\\\/\"]}]},{\"@type\":\"ImageObject\",\"inLanguage\":\"fr-FR\",\"@id\":\"https:\\\/\\\/cptsduvoironnais.com\\\/index.php\\\/2026\\\/04\\\/29\\\/reouverture-du-service-de-radiologie-ch-st-laurent-du-pont\\\/#primaryimage\",\"url\":\"https:\\\/\\\/cptsduvoironnais.com\\\/wp-content\\\/uploads\\\/2026\\\/04\\\/radiologie.jpg\",\"contentUrl\":\"https:\\\/\\\/cptsduvoironnais.com\\\/wp-content\\\/uploads\\\/2026\\\/04\\\/radiologie.jpg\",\"width\":1024,\"height\":955},{\"@type\":\"BreadcrumbList\",\"@id\":\"https:\\\/\\\/cptsduvoironnais.com\\\/index.php\\\/2026\\\/04\\\/29\\\/reouverture-du-service-de-radiologie-ch-st-laurent-du-pont\\\/#breadcrumb\",\"itemListElement\":[{\"@type\":\"ListItem\",\"position\":1,\"name\":\"Accueil\",\"item\":\"https:\\\/\\\/cptsduvoironnais.com\\\/\"},{\"@type\":\"ListItem\",\"position\":2,\"name\":\"R\u00e9ouverture du service de radiologie &#8211; CH St Laurent du Pont\"}]},{\"@type\":\"WebSite\",\"@id\":\"https:\\\/\\\/cptsduvoironnais.com\\\/#website\",\"url\":\"https:\\\/\\\/cptsduvoironnais.com\\\/\",\"name\":\"CPTS du Voironnais\",\"description\":\"Communaut\u00e9 Professionnelle Territoriale de Sant\u00e9 du Voironnais\",\"publisher\":{\"@id\":\"https:\\\/\\\/cptsduvoironnais.com\\\/#organization\"},\"potentialAction\":[{\"@type\":\"SearchAction\",\"target\":{\"@type\":\"EntryPoint\",\"urlTemplate\":\"https:\\\/\\\/cptsduvoironnais.com\\\/?s={search_term_string}\"},\"query-input\":{\"@type\":\"PropertyValueSpecification\",\"valueRequired\":true,\"valueName\":\"search_term_string\"}}],\"inLanguage\":\"fr-FR\"},{\"@type\":\"Organization\",\"@id\":\"https:\\\/\\\/cptsduvoironnais.com\\\/#organization\",\"name\":\"CPTS du Voironnais\",\"url\":\"https:\\\/\\\/cptsduvoironnais.com\\\/\",\"logo\":{\"@type\":\"ImageObject\",\"inLanguage\":\"fr-FR\",\"@id\":\"https:\\\/\\\/cptsduvoironnais.com\\\/#\\\/schema\\\/logo\\\/image\\\/\",\"url\":\"https:\\\/\\\/cptsduvoironnais.com\\\/wp-content\\\/uploads\\\/2024\\\/03\\\/cropped-Copie-de-C-P-T-S-1.png\",\"contentUrl\":\"https:\\\/\\\/cptsduvoironnais.com\\\/wp-content\\\/uploads\\\/2024\\\/03\\\/cropped-Copie-de-C-P-T-S-1.png\",\"width\":500,\"height\":257,\"caption\":\"CPTS du Voironnais\"},\"image\":{\"@id\":\"https:\\\/\\\/cptsduvoironnais.com\\\/#\\\/schema\\\/logo\\\/image\\\/\"}},{\"@type\":\"Person\",\"@id\":\"https:\\\/\\\/cptsduvoironnais.com\\\/#\\\/schema\\\/person\\\/fb894bb844a352013a0702485c301a94\",\"name\":\"CPTS du Voironnais\",\"image\":{\"@type\":\"ImageObject\",\"inLanguage\":\"fr-FR\",\"@id\":\"https:\\\/\\\/secure.gravatar.com\\\/avatar\\\/3d88cab5605b6763d2e81b23af942c6c145683a7254b8042b6c3417121230c35?s=96&d=mm&r=pg\",\"url\":\"https:\\\/\\\/secure.gravatar.com\\\/avatar\\\/3d88cab5605b6763d2e81b23af942c6c145683a7254b8042b6c3417121230c35?s=96&d=mm&r=pg\",\"contentUrl\":\"https:\\\/\\\/secure.gravatar.com\\\/avatar\\\/3d88cab5605b6763d2e81b23af942c6c145683a7254b8042b6c3417121230c35?s=96&d=mm&r=pg\",\"caption\":\"CPTS du Voironnais\"},\"url\":\"https:\\\/\\\/cptsduvoironnais.com\\\/index.php\\\/author\\\/cpts-du-voironnais\\\/\"}]}<\/script>\n<!-- \/ Yoast SEO plugin. -->","yoast_head_json":{"title":"R\u00e9ouverture du service de radiologie - CH St Laurent du Pont - CPTS du Voironnais","robots":{"index":"index","follow":"follow","max-snippet":"max-snippet:-1","max-image-preview":"max-image-preview:large","max-video-preview":"max-video-preview:-1"},"canonical":"https:\/\/cptsduvoironnais.com\/index.php\/2026\/04\/29\/reouverture-du-service-de-radiologie-ch-st-laurent-du-pont\/","og_locale":"fr_FR","og_type":"article","og_title":"R\u00e9ouverture du service de radiologie - CH St Laurent du Pont - CPTS du Voironnais","og_description":"Le service de radiologie du centre hospitalier de Saint-Laurent-du-Pont rouvre \u00e0 compter du 4 mai 2026. Prendre rendez-vous et consulter ses r\u00e9sultatsLa prise de rendez-vous se fait par t\u00e9l\u00e9phone au [&hellip;]","og_url":"https:\/\/cptsduvoironnais.com\/index.php\/2026\/04\/29\/reouverture-du-service-de-radiologie-ch-st-laurent-du-pont\/","og_site_name":"CPTS du Voironnais","article_published_time":"2026-04-29T13:23:25+00:00","article_modified_time":"2026-04-29T13:25:04+00:00","og_image":[{"url":"http:\/\/cptsduvoironnais.com\/wp-content\/uploads\/2026\/04\/radiologie.jpg","type":"","width":"","height":""}],"author":"CPTS du Voironnais","twitter_card":"summary_large_image","twitter_misc":{"\u00c9crit par":"CPTS du Voironnais","Dur\u00e9e de lecture estim\u00e9e":"1 minute"},"schema":{"@context":"https:\/\/schema.org","@graph":[{"@type":"Article","@id":"https:\/\/cptsduvoironnais.com\/index.php\/2026\/04\/29\/reouverture-du-service-de-radiologie-ch-st-laurent-du-pont\/#article","isPartOf":{"@id":"https:\/\/cptsduvoironnais.com\/index.php\/2026\/04\/29\/reouverture-du-service-de-radiologie-ch-st-laurent-du-pont\/"},"author":{"name":"CPTS du Voironnais","@id":"https:\/\/cptsduvoironnais.com\/#\/schema\/person\/fb894bb844a352013a0702485c301a94"},"headline":"R\u00e9ouverture du service de radiologie &#8211; CH St Laurent du Pont","datePublished":"2026-04-29T13:23:25+00:00","dateModified":"2026-04-29T13:25:04+00:00","mainEntityOfPage":{"@id":"https:\/\/cptsduvoironnais.com\/index.php\/2026\/04\/29\/reouverture-du-service-de-radiologie-ch-st-laurent-du-pont\/"},"wordCount":91,"publisher":{"@id":"https:\/\/cptsduvoironnais.com\/#organization"},"image":{"@id":"https:\/\/cptsduvoironnais.com\/index.php\/2026\/04\/29\/reouverture-du-service-de-radiologie-ch-st-laurent-du-pont\/#primaryimage"},"thumbnailUrl":"http:\/\/cptsduvoironnais.com\/wp-content\/uploads\/2026\/04\/radiologie.jpg","articleSection":["Informations partenaires"],"inLanguage":"fr-FR"},{"@type":"WebPage","@id":"https:\/\/cptsduvoironnais.com\/index.php\/2026\/04\/29\/reouverture-du-service-de-radiologie-ch-st-laurent-du-pont\/","url":"https:\/\/cptsduvoironnais.com\/index.php\/2026\/04\/29\/reouverture-du-service-de-radiologie-ch-st-laurent-du-pont\/","name":"R\u00e9ouverture du service de radiologie - CH St Laurent du Pont - CPTS du Voironnais","isPartOf":{"@id":"https:\/\/cptsduvoironnais.com\/#website"},"primaryImageOfPage":{"@id":"https:\/\/cptsduvoironnais.com\/index.php\/2026\/04\/29\/reouverture-du-service-de-radiologie-ch-st-laurent-du-pont\/#primaryimage"},"image":{"@id":"https:\/\/cptsduvoironnais.com\/index.php\/2026\/04\/29\/reouverture-du-service-de-radiologie-ch-st-laurent-du-pont\/#primaryimage"},"thumbnailUrl":"http:\/\/cptsduvoironnais.com\/wp-content\/uploads\/2026\/04\/radiologie.jpg","datePublished":"2026-04-29T13:23:25+00:00","dateModified":"2026-04-29T13:25:04+00:00","breadcrumb":{"@id":"https:\/\/cptsduvoironnais.com\/index.php\/2026\/04\/29\/reouverture-du-service-de-radiologie-ch-st-laurent-du-pont\/#breadcrumb"},"inLanguage":"fr-FR","potentialAction":[{"@type":"ReadAction","target":["https:\/\/cptsduvoironnais.com\/index.php\/2026\/04\/29\/reouverture-du-service-de-radiologie-ch-st-laurent-du-pont\/"]}]},{"@type":"ImageObject","inLanguage":"fr-FR","@id":"https:\/\/cptsduvoironnais.com\/index.php\/2026\/04\/29\/reouverture-du-service-de-radiologie-ch-st-laurent-du-pont\/#primaryimage","url":"https:\/\/cptsduvoironnais.com\/wp-content\/uploads\/2026\/04\/radiologie.jpg","contentUrl":"https:\/\/cptsduvoironnais.com\/wp-content\/uploads\/2026\/04\/radiologie.jpg","width":1024,"height":955},{"@type":"BreadcrumbList","@id":"https:\/\/cptsduvoironnais.com\/index.php\/2026\/04\/29\/reouverture-du-service-de-radiologie-ch-st-laurent-du-pont\/#breadcrumb","itemListElement":[{"@type":"ListItem","position":1,"name":"Accueil","item":"https:\/\/cptsduvoironnais.com\/"},{"@type":"ListItem","position":2,"name":"R\u00e9ouverture du service de radiologie &#8211; CH St Laurent du Pont"}]},{"@type":"WebSite","@id":"https:\/\/cptsduvoironnais.com\/#website","url":"https:\/\/cptsduvoironnais.com\/","name":"CPTS du Voironnais","description":"Communaut\u00e9 Professionnelle Territoriale de Sant\u00e9 du Voironnais","publisher":{"@id":"https:\/\/cptsduvoironnais.com\/#organization"},"potentialAction":[{"@type":"SearchAction","target":{"@type":"EntryPoint","urlTemplate":"https:\/\/cptsduvoironnais.com\/?s={search_term_string}"},"query-input":{"@type":"PropertyValueSpecification","valueRequired":true,"valueName":"search_term_string"}}],"inLanguage":"fr-FR"},{"@type":"Organization","@id":"https:\/\/cptsduvoironnais.com\/#organization","name":"CPTS du Voironnais","url":"https:\/\/cptsduvoironnais.com\/","logo":{"@type":"ImageObject","inLanguage":"fr-FR","@id":"https:\/\/cptsduvoironnais.com\/#\/schema\/logo\/image\/","url":"https:\/\/cptsduvoironnais.com\/wp-content\/uploads\/2024\/03\/cropped-Copie-de-C-P-T-S-1.png","contentUrl":"https:\/\/cptsduvoironnais.com\/wp-content\/uploads\/2024\/03\/cropped-Copie-de-C-P-T-S-1.png","width":500,"height":257,"caption":"CPTS du Voironnais"},"image":{"@id":"https:\/\/cptsduvoironnais.com\/#\/schema\/logo\/image\/"}},{"@type":"Person","@id":"https:\/\/cptsduvoironnais.com\/#\/schema\/person\/fb894bb844a352013a0702485c301a94","name":"CPTS du Voironnais","image":{"@type":"ImageObject","inLanguage":"fr-FR","@id":"https:\/\/secure.gravatar.com\/avatar\/3d88cab5605b6763d2e81b23af942c6c145683a7254b8042b6c3417121230c35?s=96&d=mm&r=pg","url":"https:\/\/secure.gravatar.com\/avatar\/3d88cab5605b6763d2e81b23af942c6c145683a7254b8042b6c3417121230c35?s=96&d=mm&r=pg","contentUrl":"https:\/\/secure.gravatar.com\/avatar\/3d88cab5605b6763d2e81b23af942c6c145683a7254b8042b6c3417121230c35?s=96&d=mm&r=pg","caption":"CPTS du Voironnais"},"url":"https:\/\/cptsduvoironnais.com\/index.php\/author\/cpts-du-voironnais\/"}]}},"_links":{"self":[{"href":"https:\/\/cptsduvoironnais.com\/index.php\/wp-json\/wp\/v2\/posts\/5924","targetHints":{"allow":["GET"]}}],"collection":[{"href":"https:\/\/cptsduvoironnais.com\/index.php\/wp-json\/wp\/v2\/posts"}],"about":[{"href":"https:\/\/cptsduvoironnais.com\/index.php\/wp-json\/wp\/v2\/types\/post"}],"author":[{"embeddable":true,"href":"https:\/\/cptsduvoironnais.com\/index.php\/wp-json\/wp\/v2\/users\/2"}],"replies":[{"embeddable":true,"href":"https:\/\/cptsduvoironnais.com\/index.php\/wp-json\/wp\/v2\/comments?post=5924"}],"version-history":[{"count":4,"href":"https:\/\/cptsduvoironnais.com\/index.php\/wp-json\/wp\/v2\/posts\/5924\/revisions"}],"predecessor-version":[{"id":5929,"href":"https:\/\/cptsduvoironnais.com\/index.php\/wp-json\/wp\/v2\/posts\/5924\/revisions\/5929"}],"wp:attachment":[{"href":"https:\/\/cptsduvoironnais.com\/index.php\/wp-json\/wp\/v2\/media?parent=5924"}],"wp:term":[{"taxonomy":"category","embeddable":true,"href":"https:\/\/cptsduvoironnais.com\/index.php\/wp-json\/wp\/v2\/categories?post=5924"},{"taxonomy":"post_tag","embeddable":true,"href":"https:\/\/cptsduvoironnais.com\/index.php\/wp-json\/wp\/v2\/tags?post=5924"}],"curies":[{"name":"wp","href":"https:\/\/api.w.org\/{rel}","templated":true}]}}