{"id":441,"date":"2023-02-06T22:21:00","date_gmt":"2023-02-06T21:21:00","guid":{"rendered":"https:\/\/cptsduvoironnais.com\/?p=441"},"modified":"2026-02-05T16:25:50","modified_gmt":"2026-02-05T15:25:50","slug":"newsletter-n3-participation-exceptionnelle-pour-les-groupes-de-travail","status":"publish","type":"post","link":"https:\/\/cptsduvoironnais.com\/index.php\/2023\/02\/06\/newsletter-n3-participation-exceptionnelle-pour-les-groupes-de-travail\/","title":{"rendered":"Newsletter n\u00b03 : Participation exceptionnelle pour les groupes de travail"},"content":{"rendered":"\t\t<div data-elementor-type=\"wp-post\" data-elementor-id=\"441\" class=\"elementor elementor-441\">\n\t\t\t\t\t\t<section class=\"elementor-section elementor-top-section elementor-element elementor-element-dc92518 elementor-section-boxed elementor-section-height-default elementor-section-height-default\" data-id=\"dc92518\" data-element_type=\"section\" data-e-type=\"section\">\n\t\t\t\t\t\t<div class=\"elementor-container elementor-column-gap-default\">\n\t\t\t\t\t<div class=\"elementor-column elementor-col-33 elementor-top-column elementor-element elementor-element-6049f59\" data-id=\"6049f59\" data-element_type=\"column\" data-e-type=\"column\">\n\t\t\t<div class=\"elementor-widget-wrap elementor-element-populated\">\n\t\t\t\t\t\t<div class=\"elementor-element elementor-element-ecda5e1 elementor-widget elementor-widget-image\" data-id=\"ecda5e1\" data-element_type=\"widget\" data-e-type=\"widget\" data-widget_type=\"image.default\">\n\t\t\t\t<div class=\"elementor-widget-container\">\n\t\t\t\t\t\t\t\t\t\t\t\t\t\t\t<img fetchpriority=\"high\" decoding=\"async\" width=\"1000\" height=\"500\" src=\"https:\/\/cptsduvoironnais.com\/wp-content\/uploads\/2023\/02\/Newsletter.png\" class=\"attachment-large size-large wp-image-509\" alt=\"\" srcset=\"https:\/\/cptsduvoironnais.com\/wp-content\/uploads\/2023\/02\/Newsletter.png 1000w, https:\/\/cptsduvoironnais.com\/wp-content\/uploads\/2023\/02\/Newsletter-300x150.png 300w, https:\/\/cptsduvoironnais.com\/wp-content\/uploads\/2023\/02\/Newsletter-768x384.png 768w\" sizes=\"(max-width: 1000px) 100vw, 1000px\" \/>\t\t\t\t\t\t\t\t\t\t\t\t\t\t\t<\/div>\n\t\t\t\t<\/div>\n\t\t\t\t\t<\/div>\n\t\t<\/div>\n\t\t\t\t<div class=\"elementor-column elementor-col-66 elementor-top-column elementor-element elementor-element-2668d6f\" data-id=\"2668d6f\" data-element_type=\"column\" data-e-type=\"column\">\n\t\t\t<div class=\"elementor-widget-wrap elementor-element-populated\">\n\t\t\t\t\t\t<div class=\"elementor-element elementor-element-5eb128d elementor-widget elementor-widget-text-editor\" data-id=\"5eb128d\" data-element_type=\"widget\" data-e-type=\"widget\" data-widget_type=\"text-editor.default\">\n\t\t\t\t<div class=\"elementor-widget-container\">\n\t\t\t\t\t\t\t\t\t<p style=\"font-weight: 400;\">Bonjour<\/p><p style=\"font-weight: 400;\">Comme annonc\u00e9, les groupes de travail pour l\u2019\u00e9laboration du projet\u00a0CPTS\u00a0se sont r\u00e9unis sur les 4 jeudis du mois de janvier.<\/p><p style=\"font-weight: 400;\">Participation exceptionnelle avec plus de 90 professionnels au total, autour des 4 missions : Acc\u00e8s aux soins, Parcours de soins, Pr\u00e9vention et Gestion de crise sanitaire.<\/p><p style=\"font-weight: 400;\">Dans les locaux d\u2019INNOVADOM, gracieusement mis \u00e0 disposition par le Pays Voironnais, une pr\u00e9sentation des missions a \u00e9t\u00e9 suivie d\u2019un temps convivial autour d\u2019un buffet puis les groupes ont travaill\u00e9, gr\u00e2ce \u00e0 des dynamiques participatives anim\u00e9es par les charg\u00e9es de mission, Sabine Pag\u00e8s et Christelle Souli\u00e9.<\/p><p style=\"font-weight: 400;\">Ces rencontres pluriprofessionnelles nous ont permis de nous d\u00e9couvrir, de faire connaissance dans nos diversit\u00e9s et nos compl\u00e9mentarit\u00e9s.<\/p><p style=\"font-weight: 400;\">Les participants ont montr\u00e9 beaucoup d\u2019int\u00e9r\u00eat \u00e0 ce travail, ont confront\u00e9 des points de vue souvent tr\u00e8s diff\u00e9rents, se sont \u00e9cout\u00e9s et ont propos\u00e9 de nombreuses pistes d\u2019action. Plus de la moiti\u00e9 sont revenus 15 jours plus tard pour une seconde s\u00e9ance de travail sur les m\u00eames th\u00e8mes afin d\u2019avancer vers la r\u00e9daction de \u201cfiches-action\u201d.<\/p><p style=\"font-weight: 400;\">En effet, le projet de la\u00a0CPTS\u00a0comprendra, en plus des \u00e9l\u00e9ments diagnostics du pr\u00e9-projet, une s\u00e9rie de \u201cfiches-action\u201d qui sont autant d\u2019objectifs que la\u00a0CPTS\u00a0se propose de poursuivre.<\/p><p style=\"font-weight: 400;\">Les charg\u00e9es de mission ont maintenant la t\u00e2che difficile de \u201cmettre en ordre\u201d toutes les propositions puis de les pr\u00e9senter au Conseil d\u2019administration courant mars. Il faudra alors d\u00e9terminer les t\u00e2ches prioritaires et proposer des calendriers de r\u00e9alisation. Ce sera \u00e9galement l\u2019occasion de partager avec tous les membres, dont vous faites partie, cette \u00e9bauche de projet et de l\u2019affiner ensemble.<\/p><p style=\"font-weight: 400;\">Le projet devra \u00eatre envoy\u00e9 avant le 15 mai aux instances de tutelle (ARS, CPAM\u2026) afin qu\u2019il soit examin\u00e9 (et valid\u00e9) lors de l\u2019Examen de la Commission D\u00e9partementale le 30 juin.<\/p><p style=\"font-weight: 400;\">Le nombre de professionnels impliqu\u00e9s et leur motivation permet d\u2019envisager toutes ces \u00e9tapes avec beaucoup d\u2019optimisme car le projet sera r\u00e9ellement l\u2019expression des besoins des professionnels de terrain.<\/p><p style=\"font-weight: 400;\">En attendant, vous pouvez retrouver toutes les informations sur le site\u00a0<a href=\"https:\/\/cpts-voiron-38.webselfsite.net\/\" data-saferedirecturl=\"https:\/\/www.google.com\/url?q=https:\/\/cpts-voiron-38.webselfsite.net&amp;source=gmail&amp;ust=1683749374456000&amp;usg=AOvVaw02glubQ7x1tWs-GFttqReT\">https:\/\/cpts-voiron-38.webselfsite.net<\/a>.<\/p><p style=\"font-weight: 400;\"><em>Le CA de la\u00a0CPTS\u00a0du Voironnais<\/em><\/p>\t\t\t\t\t\t\t\t<\/div>\n\t\t\t\t<\/div>\n\t\t\t\t\t<\/div>\n\t\t<\/div>\n\t\t\t\t\t<\/div>\n\t\t<\/section>\n\t\t\t\t<\/div>\n\t\t","protected":false},"excerpt":{"rendered":"<p>Bonjour,<br \/>\nComme annonc\u00e9, les groupes de travail pour l&rsquo;\u00e9laboration du projet de CPTS se sont r\u00e9unis&#8230;<\/p>\n","protected":false},"author":2,"featured_media":0,"comment_status":"closed","ping_status":"open","sticky":false,"template":"","format":"standard","meta":{"ocean_post_layout":"","ocean_both_sidebars_style":"","ocean_both_sidebars_content_width":0,"ocean_both_sidebars_sidebars_width":0,"ocean_sidebar":"","ocean_second_sidebar":"","ocean_disable_margins":"enable","ocean_add_body_class":"","ocean_shortcode_before_top_bar":"","ocean_shortcode_after_top_bar":"","ocean_shortcode_before_header":"","ocean_shortcode_after_header":"","ocean_has_shortcode":"","ocean_shortcode_after_title":"","ocean_shortcode_before_footer_widgets":"","ocean_shortcode_after_footer_widgets":"","ocean_shortcode_before_footer_bottom":"","ocean_shortcode_after_footer_bottom":"","ocean_display_top_bar":"default","ocean_display_header":"default","ocean_header_style":"","ocean_center_header_left_menu":"","ocean_custom_header_template":"","ocean_custom_logo":0,"ocean_custom_retina_logo":0,"ocean_custom_logo_max_width":0,"ocean_custom_logo_tablet_max_width":0,"ocean_custom_logo_mobile_max_width":0,"ocean_custom_logo_max_height":0,"ocean_custom_logo_tablet_max_height":0,"ocean_custom_logo_mobile_max_height":0,"ocean_header_custom_menu":"","ocean_menu_typo_font_family":"","ocean_menu_typo_font_subset":"","ocean_menu_typo_font_size":0,"ocean_menu_typo_font_size_tablet":0,"ocean_menu_typo_font_size_mobile":0,"ocean_menu_typo_font_size_unit":"px","ocean_menu_typo_font_weight":"","ocean_menu_typo_font_weight_tablet":"","ocean_menu_typo_font_weight_mobile":"","ocean_menu_typo_transform":"","ocean_menu_typo_transform_tablet":"","ocean_menu_typo_transform_mobile":"","ocean_menu_typo_line_height":0,"ocean_menu_typo_line_height_tablet":0,"ocean_menu_typo_line_height_mobile":0,"ocean_menu_typo_line_height_unit":"","ocean_menu_typo_spacing":0,"ocean_menu_typo_spacing_tablet":0,"ocean_menu_typo_spacing_mobile":0,"ocean_menu_typo_spacing_unit":"","ocean_menu_link_color":"","ocean_menu_link_color_hover":"","ocean_menu_link_color_active":"","ocean_menu_link_background":"","ocean_menu_link_hover_background":"","ocean_menu_link_active_background":"","ocean_menu_social_links_bg":"","ocean_menu_social_hover_links_bg":"","ocean_menu_social_links_color":"","ocean_menu_social_hover_links_color":"","ocean_disable_title":"default","ocean_disable_heading":"default","ocean_post_title":"","ocean_post_subheading":"","ocean_post_title_style":"","ocean_post_title_background_color":"","ocean_post_title_background":0,"ocean_post_title_bg_image_position":"","ocean_post_title_bg_image_attachment":"","ocean_post_title_bg_image_repeat":"","ocean_post_title_bg_image_size":"","ocean_post_title_height":0,"ocean_post_title_bg_overlay":0.5,"ocean_post_title_bg_overlay_color":"","ocean_disable_breadcrumbs":"default","ocean_breadcrumbs_color":"","ocean_breadcrumbs_separator_color":"","ocean_breadcrumbs_links_color":"","ocean_breadcrumbs_links_hover_color":"","ocean_display_footer_widgets":"default","ocean_display_footer_bottom":"default","ocean_custom_footer_template":"","ocean_post_oembed":"","ocean_post_self_hosted_media":"","ocean_post_video_embed":"","ocean_link_format":"","ocean_link_format_target":"self","ocean_quote_format":"","ocean_quote_format_link":"post","ocean_gallery_link_images":"on","ocean_gallery_id":[],"footnotes":""},"categories":[19],"tags":[],"class_list":["post-441","post","type-post","status-publish","format-standard","hentry","category-newsletter","entry"],"yoast_head":"<!-- This site is optimized with the Yoast SEO plugin v27.4 - https:\/\/yoast.com\/product\/yoast-seo-wordpress\/ -->\n<title>Newsletter n\u00b03 : Participation exceptionnelle pour les groupes de travail - CPTS du Voironnais<\/title>\n<meta name=\"robots\" content=\"index, follow, max-snippet:-1, max-image-preview:large, max-video-preview:-1\" \/>\n<link rel=\"canonical\" href=\"https:\/\/cptsduvoironnais.com\/index.php\/2023\/02\/06\/newsletter-n3-participation-exceptionnelle-pour-les-groupes-de-travail\/\" \/>\n<meta property=\"og:locale\" content=\"fr_FR\" \/>\n<meta property=\"og:type\" content=\"article\" \/>\n<meta property=\"og:title\" content=\"Newsletter n\u00b03 : Participation exceptionnelle pour les groupes de travail - CPTS du Voironnais\" \/>\n<meta property=\"og:description\" content=\"Bonjour, Comme annonc\u00e9, les groupes de travail pour l&#039;\u00e9laboration du projet de CPTS se sont r\u00e9unis...\" \/>\n<meta property=\"og:url\" content=\"https:\/\/cptsduvoironnais.com\/index.php\/2023\/02\/06\/newsletter-n3-participation-exceptionnelle-pour-les-groupes-de-travail\/\" \/>\n<meta property=\"og:site_name\" content=\"CPTS du Voironnais\" \/>\n<meta property=\"article:published_time\" content=\"2023-02-06T21:21:00+00:00\" \/>\n<meta property=\"article:modified_time\" content=\"2026-02-05T15:25:50+00:00\" \/>\n<meta property=\"og:image\" content=\"http:\/\/cptsduvoironnais.com\/wp-content\/uploads\/2023\/02\/Newsletter.png\" \/>\n<meta name=\"author\" content=\"CPTS du Voironnais\" \/>\n<meta name=\"twitter:card\" content=\"summary_large_image\" \/>\n<meta name=\"twitter:label1\" content=\"\u00c9crit par\" \/>\n\t<meta name=\"twitter:data1\" content=\"CPTS du Voironnais\" \/>\n\t<meta name=\"twitter:label2\" content=\"Dur\u00e9e de lecture estim\u00e9e\" \/>\n\t<meta name=\"twitter:data2\" content=\"2 minutes\" \/>\n<script type=\"application\/ld+json\" class=\"yoast-schema-graph\">{\"@context\":\"https:\\\/\\\/schema.org\",\"@graph\":[{\"@type\":\"Article\",\"@id\":\"https:\\\/\\\/cptsduvoironnais.com\\\/index.php\\\/2023\\\/02\\\/06\\\/newsletter-n3-participation-exceptionnelle-pour-les-groupes-de-travail\\\/#article\",\"isPartOf\":{\"@id\":\"https:\\\/\\\/cptsduvoironnais.com\\\/index.php\\\/2023\\\/02\\\/06\\\/newsletter-n3-participation-exceptionnelle-pour-les-groupes-de-travail\\\/\"},\"author\":{\"name\":\"CPTS du Voironnais\",\"@id\":\"https:\\\/\\\/cptsduvoironnais.com\\\/#\\\/schema\\\/person\\\/fb894bb844a352013a0702485c301a94\"},\"headline\":\"Newsletter n\u00b03 : Participation exceptionnelle pour les groupes de travail\",\"datePublished\":\"2023-02-06T21:21:00+00:00\",\"dateModified\":\"2026-02-05T15:25:50+00:00\",\"mainEntityOfPage\":{\"@id\":\"https:\\\/\\\/cptsduvoironnais.com\\\/index.php\\\/2023\\\/02\\\/06\\\/newsletter-n3-participation-exceptionnelle-pour-les-groupes-de-travail\\\/\"},\"wordCount\":387,\"publisher\":{\"@id\":\"https:\\\/\\\/cptsduvoironnais.com\\\/#organization\"},\"image\":{\"@id\":\"https:\\\/\\\/cptsduvoironnais.com\\\/index.php\\\/2023\\\/02\\\/06\\\/newsletter-n3-participation-exceptionnelle-pour-les-groupes-de-travail\\\/#primaryimage\"},\"thumbnailUrl\":\"http:\\\/\\\/cptsduvoironnais.com\\\/wp-content\\\/uploads\\\/2023\\\/02\\\/Newsletter.png\",\"articleSection\":[\"Newsletter\"],\"inLanguage\":\"fr-FR\"},{\"@type\":\"WebPage\",\"@id\":\"https:\\\/\\\/cptsduvoironnais.com\\\/index.php\\\/2023\\\/02\\\/06\\\/newsletter-n3-participation-exceptionnelle-pour-les-groupes-de-travail\\\/\",\"url\":\"https:\\\/\\\/cptsduvoironnais.com\\\/index.php\\\/2023\\\/02\\\/06\\\/newsletter-n3-participation-exceptionnelle-pour-les-groupes-de-travail\\\/\",\"name\":\"Newsletter n\u00b03 : Participation exceptionnelle pour les groupes de travail - CPTS du Voironnais\",\"isPartOf\":{\"@id\":\"https:\\\/\\\/cptsduvoironnais.com\\\/#website\"},\"primaryImageOfPage\":{\"@id\":\"https:\\\/\\\/cptsduvoironnais.com\\\/index.php\\\/2023\\\/02\\\/06\\\/newsletter-n3-participation-exceptionnelle-pour-les-groupes-de-travail\\\/#primaryimage\"},\"image\":{\"@id\":\"https:\\\/\\\/cptsduvoironnais.com\\\/index.php\\\/2023\\\/02\\\/06\\\/newsletter-n3-participation-exceptionnelle-pour-les-groupes-de-travail\\\/#primaryimage\"},\"thumbnailUrl\":\"http:\\\/\\\/cptsduvoironnais.com\\\/wp-content\\\/uploads\\\/2023\\\/02\\\/Newsletter.png\",\"datePublished\":\"2023-02-06T21:21:00+00:00\",\"dateModified\":\"2026-02-05T15:25:50+00:00\",\"breadcrumb\":{\"@id\":\"https:\\\/\\\/cptsduvoironnais.com\\\/index.php\\\/2023\\\/02\\\/06\\\/newsletter-n3-participation-exceptionnelle-pour-les-groupes-de-travail\\\/#breadcrumb\"},\"inLanguage\":\"fr-FR\",\"potentialAction\":[{\"@type\":\"ReadAction\",\"target\":[\"https:\\\/\\\/cptsduvoironnais.com\\\/index.php\\\/2023\\\/02\\\/06\\\/newsletter-n3-participation-exceptionnelle-pour-les-groupes-de-travail\\\/\"]}]},{\"@type\":\"ImageObject\",\"inLanguage\":\"fr-FR\",\"@id\":\"https:\\\/\\\/cptsduvoironnais.com\\\/index.php\\\/2023\\\/02\\\/06\\\/newsletter-n3-participation-exceptionnelle-pour-les-groupes-de-travail\\\/#primaryimage\",\"url\":\"https:\\\/\\\/cptsduvoironnais.com\\\/wp-content\\\/uploads\\\/2023\\\/02\\\/Newsletter.png\",\"contentUrl\":\"https:\\\/\\\/cptsduvoironnais.com\\\/wp-content\\\/uploads\\\/2023\\\/02\\\/Newsletter.png\",\"width\":1000,\"height\":500},{\"@type\":\"BreadcrumbList\",\"@id\":\"https:\\\/\\\/cptsduvoironnais.com\\\/index.php\\\/2023\\\/02\\\/06\\\/newsletter-n3-participation-exceptionnelle-pour-les-groupes-de-travail\\\/#breadcrumb\",\"itemListElement\":[{\"@type\":\"ListItem\",\"position\":1,\"name\":\"Accueil\",\"item\":\"https:\\\/\\\/cptsduvoironnais.com\\\/\"},{\"@type\":\"ListItem\",\"position\":2,\"name\":\"Newsletter n\u00b03 : Participation exceptionnelle pour les groupes de travail\"}]},{\"@type\":\"WebSite\",\"@id\":\"https:\\\/\\\/cptsduvoironnais.com\\\/#website\",\"url\":\"https:\\\/\\\/cptsduvoironnais.com\\\/\",\"name\":\"CPTS du Voironnais\",\"description\":\"Communaut\u00e9 Professionnelle Territoriale de Sant\u00e9 du Voironnais\",\"publisher\":{\"@id\":\"https:\\\/\\\/cptsduvoironnais.com\\\/#organization\"},\"potentialAction\":[{\"@type\":\"SearchAction\",\"target\":{\"@type\":\"EntryPoint\",\"urlTemplate\":\"https:\\\/\\\/cptsduvoironnais.com\\\/?s={search_term_string}\"},\"query-input\":{\"@type\":\"PropertyValueSpecification\",\"valueRequired\":true,\"valueName\":\"search_term_string\"}}],\"inLanguage\":\"fr-FR\"},{\"@type\":\"Organization\",\"@id\":\"https:\\\/\\\/cptsduvoironnais.com\\\/#organization\",\"name\":\"CPTS du Voironnais\",\"url\":\"https:\\\/\\\/cptsduvoironnais.com\\\/\",\"logo\":{\"@type\":\"ImageObject\",\"inLanguage\":\"fr-FR\",\"@id\":\"https:\\\/\\\/cptsduvoironnais.com\\\/#\\\/schema\\\/logo\\\/image\\\/\",\"url\":\"https:\\\/\\\/cptsduvoironnais.com\\\/wp-content\\\/uploads\\\/2024\\\/03\\\/cropped-Copie-de-C-P-T-S-1.png\",\"contentUrl\":\"https:\\\/\\\/cptsduvoironnais.com\\\/wp-content\\\/uploads\\\/2024\\\/03\\\/cropped-Copie-de-C-P-T-S-1.png\",\"width\":500,\"height\":257,\"caption\":\"CPTS du Voironnais\"},\"image\":{\"@id\":\"https:\\\/\\\/cptsduvoironnais.com\\\/#\\\/schema\\\/logo\\\/image\\\/\"}},{\"@type\":\"Person\",\"@id\":\"https:\\\/\\\/cptsduvoironnais.com\\\/#\\\/schema\\\/person\\\/fb894bb844a352013a0702485c301a94\",\"name\":\"CPTS du Voironnais\",\"image\":{\"@type\":\"ImageObject\",\"inLanguage\":\"fr-FR\",\"@id\":\"https:\\\/\\\/secure.gravatar.com\\\/avatar\\\/3d88cab5605b6763d2e81b23af942c6c145683a7254b8042b6c3417121230c35?s=96&d=mm&r=pg\",\"url\":\"https:\\\/\\\/secure.gravatar.com\\\/avatar\\\/3d88cab5605b6763d2e81b23af942c6c145683a7254b8042b6c3417121230c35?s=96&d=mm&r=pg\",\"contentUrl\":\"https:\\\/\\\/secure.gravatar.com\\\/avatar\\\/3d88cab5605b6763d2e81b23af942c6c145683a7254b8042b6c3417121230c35?s=96&d=mm&r=pg\",\"caption\":\"CPTS du Voironnais\"},\"url\":\"https:\\\/\\\/cptsduvoironnais.com\\\/index.php\\\/author\\\/cpts-du-voironnais\\\/\"}]}<\/script>\n<!-- \/ Yoast SEO plugin. -->","yoast_head_json":{"title":"Newsletter n\u00b03 : Participation exceptionnelle pour les groupes de travail - CPTS du Voironnais","robots":{"index":"index","follow":"follow","max-snippet":"max-snippet:-1","max-image-preview":"max-image-preview:large","max-video-preview":"max-video-preview:-1"},"canonical":"https:\/\/cptsduvoironnais.com\/index.php\/2023\/02\/06\/newsletter-n3-participation-exceptionnelle-pour-les-groupes-de-travail\/","og_locale":"fr_FR","og_type":"article","og_title":"Newsletter n\u00b03 : Participation exceptionnelle pour les groupes de travail - CPTS du Voironnais","og_description":"Bonjour, Comme annonc\u00e9, les groupes de travail pour l'\u00e9laboration du projet de CPTS se sont r\u00e9unis...","og_url":"https:\/\/cptsduvoironnais.com\/index.php\/2023\/02\/06\/newsletter-n3-participation-exceptionnelle-pour-les-groupes-de-travail\/","og_site_name":"CPTS du Voironnais","article_published_time":"2023-02-06T21:21:00+00:00","article_modified_time":"2026-02-05T15:25:50+00:00","og_image":[{"url":"http:\/\/cptsduvoironnais.com\/wp-content\/uploads\/2023\/02\/Newsletter.png","type":"","width":"","height":""}],"author":"CPTS du Voironnais","twitter_card":"summary_large_image","twitter_misc":{"\u00c9crit par":"CPTS du Voironnais","Dur\u00e9e de lecture estim\u00e9e":"2 minutes"},"schema":{"@context":"https:\/\/schema.org","@graph":[{"@type":"Article","@id":"https:\/\/cptsduvoironnais.com\/index.php\/2023\/02\/06\/newsletter-n3-participation-exceptionnelle-pour-les-groupes-de-travail\/#article","isPartOf":{"@id":"https:\/\/cptsduvoironnais.com\/index.php\/2023\/02\/06\/newsletter-n3-participation-exceptionnelle-pour-les-groupes-de-travail\/"},"author":{"name":"CPTS du Voironnais","@id":"https:\/\/cptsduvoironnais.com\/#\/schema\/person\/fb894bb844a352013a0702485c301a94"},"headline":"Newsletter n\u00b03 : Participation exceptionnelle pour les groupes de travail","datePublished":"2023-02-06T21:21:00+00:00","dateModified":"2026-02-05T15:25:50+00:00","mainEntityOfPage":{"@id":"https:\/\/cptsduvoironnais.com\/index.php\/2023\/02\/06\/newsletter-n3-participation-exceptionnelle-pour-les-groupes-de-travail\/"},"wordCount":387,"publisher":{"@id":"https:\/\/cptsduvoironnais.com\/#organization"},"image":{"@id":"https:\/\/cptsduvoironnais.com\/index.php\/2023\/02\/06\/newsletter-n3-participation-exceptionnelle-pour-les-groupes-de-travail\/#primaryimage"},"thumbnailUrl":"http:\/\/cptsduvoironnais.com\/wp-content\/uploads\/2023\/02\/Newsletter.png","articleSection":["Newsletter"],"inLanguage":"fr-FR"},{"@type":"WebPage","@id":"https:\/\/cptsduvoironnais.com\/index.php\/2023\/02\/06\/newsletter-n3-participation-exceptionnelle-pour-les-groupes-de-travail\/","url":"https:\/\/cptsduvoironnais.com\/index.php\/2023\/02\/06\/newsletter-n3-participation-exceptionnelle-pour-les-groupes-de-travail\/","name":"Newsletter n\u00b03 : Participation exceptionnelle pour les groupes de travail - CPTS du Voironnais","isPartOf":{"@id":"https:\/\/cptsduvoironnais.com\/#website"},"primaryImageOfPage":{"@id":"https:\/\/cptsduvoironnais.com\/index.php\/2023\/02\/06\/newsletter-n3-participation-exceptionnelle-pour-les-groupes-de-travail\/#primaryimage"},"image":{"@id":"https:\/\/cptsduvoironnais.com\/index.php\/2023\/02\/06\/newsletter-n3-participation-exceptionnelle-pour-les-groupes-de-travail\/#primaryimage"},"thumbnailUrl":"http:\/\/cptsduvoironnais.com\/wp-content\/uploads\/2023\/02\/Newsletter.png","datePublished":"2023-02-06T21:21:00+00:00","dateModified":"2026-02-05T15:25:50+00:00","breadcrumb":{"@id":"https:\/\/cptsduvoironnais.com\/index.php\/2023\/02\/06\/newsletter-n3-participation-exceptionnelle-pour-les-groupes-de-travail\/#breadcrumb"},"inLanguage":"fr-FR","potentialAction":[{"@type":"ReadAction","target":["https:\/\/cptsduvoironnais.com\/index.php\/2023\/02\/06\/newsletter-n3-participation-exceptionnelle-pour-les-groupes-de-travail\/"]}]},{"@type":"ImageObject","inLanguage":"fr-FR","@id":"https:\/\/cptsduvoironnais.com\/index.php\/2023\/02\/06\/newsletter-n3-participation-exceptionnelle-pour-les-groupes-de-travail\/#primaryimage","url":"https:\/\/cptsduvoironnais.com\/wp-content\/uploads\/2023\/02\/Newsletter.png","contentUrl":"https:\/\/cptsduvoironnais.com\/wp-content\/uploads\/2023\/02\/Newsletter.png","width":1000,"height":500},{"@type":"BreadcrumbList","@id":"https:\/\/cptsduvoironnais.com\/index.php\/2023\/02\/06\/newsletter-n3-participation-exceptionnelle-pour-les-groupes-de-travail\/#breadcrumb","itemListElement":[{"@type":"ListItem","position":1,"name":"Accueil","item":"https:\/\/cptsduvoironnais.com\/"},{"@type":"ListItem","position":2,"name":"Newsletter n\u00b03 : Participation exceptionnelle pour les groupes de travail"}]},{"@type":"WebSite","@id":"https:\/\/cptsduvoironnais.com\/#website","url":"https:\/\/cptsduvoironnais.com\/","name":"CPTS du Voironnais","description":"Communaut\u00e9 Professionnelle Territoriale de Sant\u00e9 du Voironnais","publisher":{"@id":"https:\/\/cptsduvoironnais.com\/#organization"},"potentialAction":[{"@type":"SearchAction","target":{"@type":"EntryPoint","urlTemplate":"https:\/\/cptsduvoironnais.com\/?s={search_term_string}"},"query-input":{"@type":"PropertyValueSpecification","valueRequired":true,"valueName":"search_term_string"}}],"inLanguage":"fr-FR"},{"@type":"Organization","@id":"https:\/\/cptsduvoironnais.com\/#organization","name":"CPTS du Voironnais","url":"https:\/\/cptsduvoironnais.com\/","logo":{"@type":"ImageObject","inLanguage":"fr-FR","@id":"https:\/\/cptsduvoironnais.com\/#\/schema\/logo\/image\/","url":"https:\/\/cptsduvoironnais.com\/wp-content\/uploads\/2024\/03\/cropped-Copie-de-C-P-T-S-1.png","contentUrl":"https:\/\/cptsduvoironnais.com\/wp-content\/uploads\/2024\/03\/cropped-Copie-de-C-P-T-S-1.png","width":500,"height":257,"caption":"CPTS du Voironnais"},"image":{"@id":"https:\/\/cptsduvoironnais.com\/#\/schema\/logo\/image\/"}},{"@type":"Person","@id":"https:\/\/cptsduvoironnais.com\/#\/schema\/person\/fb894bb844a352013a0702485c301a94","name":"CPTS du Voironnais","image":{"@type":"ImageObject","inLanguage":"fr-FR","@id":"https:\/\/secure.gravatar.com\/avatar\/3d88cab5605b6763d2e81b23af942c6c145683a7254b8042b6c3417121230c35?s=96&d=mm&r=pg","url":"https:\/\/secure.gravatar.com\/avatar\/3d88cab5605b6763d2e81b23af942c6c145683a7254b8042b6c3417121230c35?s=96&d=mm&r=pg","contentUrl":"https:\/\/secure.gravatar.com\/avatar\/3d88cab5605b6763d2e81b23af942c6c145683a7254b8042b6c3417121230c35?s=96&d=mm&r=pg","caption":"CPTS du Voironnais"},"url":"https:\/\/cptsduvoironnais.com\/index.php\/author\/cpts-du-voironnais\/"}]}},"_links":{"self":[{"href":"https:\/\/cptsduvoironnais.com\/index.php\/wp-json\/wp\/v2\/posts\/441","targetHints":{"allow":["GET"]}}],"collection":[{"href":"https:\/\/cptsduvoironnais.com\/index.php\/wp-json\/wp\/v2\/posts"}],"about":[{"href":"https:\/\/cptsduvoironnais.com\/index.php\/wp-json\/wp\/v2\/types\/post"}],"author":[{"embeddable":true,"href":"https:\/\/cptsduvoironnais.com\/index.php\/wp-json\/wp\/v2\/users\/2"}],"replies":[{"embeddable":true,"href":"https:\/\/cptsduvoironnais.com\/index.php\/wp-json\/wp\/v2\/comments?post=441"}],"version-history":[{"count":17,"href":"https:\/\/cptsduvoironnais.com\/index.php\/wp-json\/wp\/v2\/posts\/441\/revisions"}],"predecessor-version":[{"id":4704,"href":"https:\/\/cptsduvoironnais.com\/index.php\/wp-json\/wp\/v2\/posts\/441\/revisions\/4704"}],"wp:attachment":[{"href":"https:\/\/cptsduvoironnais.com\/index.php\/wp-json\/wp\/v2\/media?parent=441"}],"wp:term":[{"taxonomy":"category","embeddable":true,"href":"https:\/\/cptsduvoironnais.com\/index.php\/wp-json\/wp\/v2\/categories?post=441"},{"taxonomy":"post_tag","embeddable":true,"href":"https:\/\/cptsduvoironnais.com\/index.php\/wp-json\/wp\/v2\/tags?post=441"}],"curies":[{"name":"wp","href":"https:\/\/api.w.org\/{rel}","templated":true}]}}